{"id":1788,"date":"2020-07-03T11:19:40","date_gmt":"2020-07-03T09:19:40","guid":{"rendered":"https:\/\/mosaicorefugees.org\/?p=1788"},"modified":"2020-07-21T11:24:13","modified_gmt":"2020-07-21T09:24:13","slug":"notes-de-la-journee-mondiale-des-refugies-2020","status":"publish","type":"post","link":"https:\/\/mosaicorefugees.org\/fr\/notes-de-la-journee-mondiale-des-refugies-2020\/","title":{"rendered":"Notes de la Journ\u00e9e mondiale des r\u00e9fugi\u00e9s 2020"},"content":{"rendered":"<p align=\"LEFT\"><strong><span style=\"color: #222222;\"><span style=\"font-family: Times New Roman, serif;\"><span style=\"font-size: medium;\">Notes de la Journ\u00e9e mondiale des r\u00e9fugi\u00e9s 2020.<br \/>\n<\/span><\/span><\/span><span style=\"font-size: medium; font-family: 'Times New Roman', serif; color: #222222;\">\u00ab\u00a0Au-del\u00e0 de l&rsquo;urgence \u2013 Beyond the Emergency. Outils et opportunit\u00e9s de protection et d&rsquo;inclusion des r\u00e9fugi\u00e9s \u00ab\u00a0<\/span><\/strong><\/p>\n<p align=\"LEFT\"><span style=\"color: #222222;\"><span style=\"font-family: Times New Roman, serif;\"><span style=\"font-size: medium;\">Cette ann\u00e9e, en r\u00e9ponse aux mesures prises pour contenir la propagation de Covid-19, la Journ\u00e9e Mondiale des R\u00e9fugi\u00e9s a \u00e9t\u00e9 caract\u00e9ris\u00e9e par un calendrier des \u00e9v\u00e9nements tenu sur l&rsquo;Internet. Organis\u00e9 par Mosaico &#8211; Actions pour les Refugees, en collaboration avec Unhcr ed Ecre, l&rsquo;\u00e9dition 2020 a pris le titre \u00ab\u00a0Au-del\u00e0 de l&rsquo;urgence -Outils e possibilit\u00e9s de protection et d\u2019inclusion des r\u00e9fugi\u00e9s, a \u00e9galement cr\u00e9\u00e9 cette ann\u00e9e un espace d&rsquo;\u00e9coute ouverte et constructive au cours de laquelle il a \u00e9t\u00e9 possible de traiter des questions du contexte social, juridique et \u00e9conomique des r\u00e9fugi\u00e9s aux niveaux local, national et international.<\/span><\/span><\/span><\/p>\n<p align=\"LEFT\"><span style=\"color: #222222;\"><span style=\"font-family: Times New Roman, serif;\"><span style=\"font-size: medium;\">Bien que dans un contexte dict\u00e9 par l&rsquo;urgence sanitaire, nous ne voulions pas renoncer \u00e0 un rendez-vous important comme la Journ\u00e9e des R\u00e9fugi\u00e9s, donc on a decid\u00e9e d&rsquo;offrir un calendrier de r\u00e9unions qui ont eu lieu le 15, 18 et 23 juin. Gr\u00e2ce \u00e0 la compr\u00e9hension et \u00e0 la disponibilit\u00e9 des invit\u00e9s, en fait, une \u00e9dition avec un contenu plus m\u00e9diatique a \u00e9t\u00e9 mise en \u0153uvre, organis\u00e9e en directe online et via les canaux sociaux de Facebook et Youtube et sur le site Internet de Mosaico.<\/span><\/span><\/span><\/p>\n<p align=\"LEFT\"><span style=\"color: #222222;\"><span style=\"font-family: Times New Roman, serif;\"><span style=\"font-size: medium;\">Le volet narratif a commenc\u00e9 avec la premi\u00e8re journ\u00e9e, tenue le 15 juin 2020 dans un webinaire intitul\u00e9 \u00ab\u00a0Un pas avec les r\u00e9fugi\u00e9s\u00a0\u00bb. La discussion a \u00e9t\u00e9 introduite par Ruth Kiyindou, Pr\u00e9sident de l&rsquo; Association Mosaico-Actions pour les Refugees, qui, avec le coup d&rsquo;envoi de l&rsquo;\u00e9dition 2020, a soulign\u00e9 l&rsquo;intention de l&rsquo;Association de continuer \u00e0 vivre la GMR en cr\u00e9ant un espace d&rsquo;\u00e9coute et discussion quoique avec des m\u00e9thodes et des outils diff\u00e9rents que d&rsquo;habitude. Ce sont, en fait, les moments plus complexe et inattendu que nous encourage les \u00e0 utiliser des comp\u00e9tences en r\u00e9solution de probl\u00e8mes au fin de trouver des solutions cr\u00e9atives: les nouveaux d\u00e9fis sont relev\u00e9s avec une cr\u00e9ativit\u00e9 renouvel\u00e9e. \u00c0 l&rsquo;int\u00e9rieur de les discussions men\u00e9es ont a montr\u00e9 que la solidarit\u00e9 devait \u00eatre plac\u00e9e parmi les principes fondamentaux du travail, destin\u00e9s \u00e0 tous ceux qui se retrouvent sans domicile fixe ou fixes s\u00e9jour et en g\u00e9n\u00e9ral envers toutes les personnes qui \u00e9prouvent des difficult\u00e9s socio-\u00e9conomiques.<\/span><\/span><\/span><\/p>\n<p align=\"LEFT\"><span style=\"color: #222222;\"><span style=\"font-family: Times New Roman, serif;\"><span style=\"font-size: medium;\">Ceux qui connaissent d\u00e9j\u00e0 des situations complexes ont vu leur \u00e9tat s&rsquo;aggraver en raison d&rsquo;une urgence qui est pass\u00e9e de la sant\u00e9 \u00e0 une urgence sociale et \u00e9conomique. Ils ont \u00e9t\u00e9 et sont soutenues aujourd&rsquo;hui par le d\u00e9veloppement de projets visant \u00e0 leur soutien et orientation, gr\u00e2ce au travail des m\u00e9diateurs et au travail en r\u00e9seau dans la r\u00e9gion. D\u00e8s le premier il a donc \u00e9t\u00e9 possible d\u2019observer comment les initiatives de collaboration et le grand engagement des r\u00e9alit\u00e9s op\u00e9rant sur le territoire local et national a apport\u00e9 et apporte une perspective future et un soutien important aux couches les plus vuln\u00e9rables de la population. Cet discussion a ete tenue par: Ilaria Caramia \u00e0 de la Compagnia di San Paolo, Virginia Antonini de Reale Group et Giovanna Castagna de la Fondation Open Society.<\/span><\/span><\/span><\/p>\n<pre class=\"western\" lang=\"fr-FR\"><a name=\"tw-target-text\"><\/a><span style=\"color: #222222;\"><span style=\"font-family: Times New Roman, serif;\"><span style=\"font-size: medium;\">Avec la deuxi\u00e8me journ\u00e9e intitul\u00e9e \"Beyond Covid\", tenue le 18 juin 2020, coordonn\u00e9 par Michele Manocchi (Centre de recherche sur les migrations et les relations ethniques \u00e0<\/span><\/span><\/span>\r\n<span style=\"color: #222222;\"><span style=\"font-family: Times New Roman, serif;\"><span style=\"font-size: medium;\"><span lang=\"fr-FR\">Western University of London), une attention particuli\u00e8re a \u00e9t\u00e9 accord\u00e9e au r\u00f4le que jouent les associations des r\u00e9fugi\u00e9s, \u00e0 la fois comme intervention pr\u00e9ventive et aussi en termes de soutien financier aux personnes et aux r\u00e9alit\u00e9s en difficult\u00e9, en passant par les faiblesses du syst\u00e8me d\u2019asile actuel \u00e9galement et surtout dans la perspective de la rupture des relations humaines dict\u00e9e par l'urgence sanitaire, jusqu'aux cons\u00e9quences au niveau de la l\u00e9gislation et des pratiques nationales et europ\u00e9ennes des Pays europ\u00e9ens et localement en ce qui concerne l'octroi du statut de r\u00e9fugi\u00e9 et<\/span><\/span><\/span><\/span>\r\n<span style=\"color: #222222;\"><span style=\"font-family: Times New Roman, serif;\"><span style=\"font-size: medium;\"><span lang=\"fr-FR\">citoyens et la sauvegarde des droits des titulaires d'une protection internationale et des nouveaux citoyens. \u00c0 la discussion ont partecip\u00e9: le Conseiller pour les Droits de la ville de Turin Marco Giusta, l'avocat ASGI Lorenzo Trucco, Responsable principal de la protection du HCR Ana de Vega, directrice de Mosaico Berthin Nzonza et pour ECRE Giacomo Manca.<\/span><\/span><\/span><\/span>\r\n<span style=\"color: #222222;\"><span style=\"font-family: Times New Roman, serif;\"><span style=\"font-size: medium;\"><span lang=\"fr-FR\">Dans le troisi\u00e8me et dernier rendez-vous intitul\u00e9 \"Au-del\u00e0 de l'urgence\", qui a ete tenu en anglais, la vuln\u00e9rabilit\u00e9 socio-\u00e9conomique des r\u00e9fugi\u00e9s durant la p\u00e9riode du Covid-19 a \u00e9t\u00e9 trait\u00e9e, dans des contextes d'emplois informels et pr\u00e9caires qui, comme l'a soulign\u00e9 Ferruccio Pastore \"Ils sont les premiers \u00e0 \u00eatre \u00e9poustoufl\u00e9s.\" La n\u00e9cessit\u00e9 de travailler pour l'integration professionnelles des r\u00e9fugi\u00e9s et des migrants, est affirm\u00e9e \u00e0 plusieurs reprises, au fin du bon fonctionnement de la societ\u00e8e elle-m\u00eame. Ils ont dispus\u00e9e sur cette t\u00e9matique Sophie Magennis (Responsable politique et juridique, Unit\u00e9 d'appui, Repr\u00e9sentation pour les affaires europ\u00e9ennes, Belgique, Luxembourg, Irlande et Pays-Bas, HCR), Yonous Muhammadi (Directeur du GFR, membre du comit\u00e9 consultatif des principes fondamentaux Right Platform at FRA), Najib Obaid Babakerkhail (Fondateur et Directeur France Refugee Conseil), Yagoub Kibeida (Mosaic - Actions pour les r\u00e9fugi\u00e9s) et Michele Manocchi (Centre for Recherche sur la migration et les relations ethniques \u00e0 l'Universit\u00e9 Western de London, Ontario - Canada). <\/span><\/span><\/span><\/span>\r\n<span style=\"color: #222222;\"><span style=\"font-family: Times New Roman, serif;\"><span style=\"font-size: medium;\"><span lang=\"fr-FR\">L'initiative a re\u00e7u une bonne r\u00e9ponse du public avec plus de 3 000 vues online, d\u00e9montrant que la Journ\u00e9e Mondiale des R\u00e9fugi\u00e9s est un espace de discussion n\u00e9cessaire et attendu. Cette ann\u00e9e a \u00e9galement accueilli la passion et le grand d\u00e9sir de faire un changement positif afin de soutenir et d'aider de plus en plus de propri\u00e9taires de protection internationale et les demandeurs d\u2019asile, analysant un contexte en devenir en Italie, en Europe et monde entier. <\/span><\/span><\/span><\/span><\/pre>\n","protected":false},"excerpt":{"rendered":"<p>Notes de la Journ\u00e9e mondiale des r\u00e9fugi\u00e9s 2020. \u00ab\u00a0Au-del\u00e0 de l&rsquo;urgence \u2013 Beyond the Emergency. Outils et opportunit\u00e9s de protection et d&rsquo;inclusion des r\u00e9fugi\u00e9s \u00ab\u00a0 Cette ann\u00e9e, en r\u00e9ponse aux mesures prises pour contenir la propagation de Covid-19, la Journ\u00e9e Mondiale des R\u00e9fugi\u00e9s a \u00e9t\u00e9 caract\u00e9ris\u00e9e par un calendrier des \u00e9v\u00e9nements tenu sur l&rsquo;Internet. Organis\u00e9 [&hellip;]<\/p>\n","protected":false},"author":1,"featured_media":1782,"comment_status":"open","ping_status":"closed","sticky":false,"template":"","format":"standard","meta":{"footnotes":""},"categories":[71],"tags":[72],"class_list":["post-1788","post","type-post","status-publish","format-standard","has-post-thumbnail","hentry","category-eventi-fr","tag-eventi-fr"],"_links":{"self":[{"href":"https:\/\/mosaicorefugees.org\/fr\/wp-json\/wp\/v2\/posts\/1788","targetHints":{"allow":["GET"]}}],"collection":[{"href":"https:\/\/mosaicorefugees.org\/fr\/wp-json\/wp\/v2\/posts"}],"about":[{"href":"https:\/\/mosaicorefugees.org\/fr\/wp-json\/wp\/v2\/types\/post"}],"author":[{"embeddable":true,"href":"https:\/\/mosaicorefugees.org\/fr\/wp-json\/wp\/v2\/users\/1"}],"replies":[{"embeddable":true,"href":"https:\/\/mosaicorefugees.org\/fr\/wp-json\/wp\/v2\/comments?post=1788"}],"version-history":[{"count":1,"href":"https:\/\/mosaicorefugees.org\/fr\/wp-json\/wp\/v2\/posts\/1788\/revisions"}],"predecessor-version":[{"id":1789,"href":"https:\/\/mosaicorefugees.org\/fr\/wp-json\/wp\/v2\/posts\/1788\/revisions\/1789"}],"wp:featuredmedia":[{"embeddable":true,"href":"https:\/\/mosaicorefugees.org\/fr\/wp-json\/wp\/v2\/media\/1782"}],"wp:attachment":[{"href":"https:\/\/mosaicorefugees.org\/fr\/wp-json\/wp\/v2\/media?parent=1788"}],"wp:term":[{"taxonomy":"category","embeddable":true,"href":"https:\/\/mosaicorefugees.org\/fr\/wp-json\/wp\/v2\/categories?post=1788"},{"taxonomy":"post_tag","embeddable":true,"href":"https:\/\/mosaicorefugees.org\/fr\/wp-json\/wp\/v2\/tags?post=1788"}],"curies":[{"name":"wp","href":"https:\/\/api.w.org\/{rel}","templated":true}]}}