{"id":1792,"date":"2020-06-15T15:17:06","date_gmt":"2020-06-15T13:17:06","guid":{"rendered":"https:\/\/mosaicorefugees.org\/giornata-mondiale-del-rifugiato-2020-oltre-lemergenza\/"},"modified":"2025-11-19T10:35:43","modified_gmt":"2025-11-19T09:35:43","slug":"giornata-mondiale-del-rifugiato-2020-oltre-lemergenza","status":"publish","type":"post","link":"https:\/\/mosaicorefugees.org\/fr\/giornata-mondiale-del-rifugiato-2020-oltre-lemergenza\/","title":{"rendered":"Journ\u00e9e mondiale du r\u00e9fugi\u00e9 2020"},"content":{"rendered":"<p style=\"text-align: center;\"><strong><u>COMMUNIQU\u00c9 DE PRESSE<\/u><\/strong><u><br \/>\n<\/u><strong><u>JOURN\u00c9E MONDIALE DES R\u00c9FUGI\u00c9S 2020<\/u><\/strong><\/p>\n<p>&nbsp;<\/p>\n<p><iframe title=\"Giornata Mondiale del Rifugiato 2020 - International networks with refugees\" width=\"800\" height=\"450\" src=\"https:\/\/www.youtube.com\/embed\/FiUaLGKgJUc?feature=oembed\" frameborder=\"0\" allow=\"accelerometer; autoplay; clipboard-write; encrypted-media; gyroscope; picture-in-picture; web-share\" referrerpolicy=\"strict-origin-when-cross-origin\" allowfullscreen><\/iframe><\/p>\n<p>&nbsp;<\/p>\n<p>&nbsp;<\/p>\n<p><strong>Au-del\u00e0 de l&rsquo;urgence  <\/strong><\/p>\n<p><strong>Outils et opportunit\u00e9s pour la protection et l&rsquo;inclusion des r\u00e9fugi\u00e9s  <\/strong><\/p>\n<p>&nbsp;<\/p>\n<p>\u00c0 l&rsquo;occasion des c\u00e9l\u00e9brations de la Journ\u00e9e mondiale des r\u00e9fugi\u00e9s 2020, <strong>Mosaico &#8211; Azioni<\/strong> i Rifugiati, en collaboration avec le Haut-Commissariat des Nations unies pour les r\u00e9fugi\u00e9s (HCR) et le Conseil europ\u00e9en sur les r\u00e9fugi\u00e9s et les exil\u00e9s (ECRE), propose un calendrier d&rsquo;\u00e9v\u00e9nements intitul\u00e9 <strong>\u00a0\u00bb Beyond the emergency &#8211; Au-del\u00e0 de l&rsquo;urgence \u00ab\u00a0, <\/strong>qui se d\u00e9rouleront en direct les<strong> 15, 18 et 23 juin 2020<\/strong> sur les pages sociales et le site Web officiels de Mosaico.<\/p>\n<p>La Journ\u00e9e internationale des r\u00e9fugi\u00e9s est c\u00e9l\u00e9br\u00e9e chaque ann\u00e9e le 20 juin pour comm\u00e9morer l&rsquo;adoption en 1951 de la Convention relative au statut des r\u00e9fugi\u00e9s par l&rsquo;Assembl\u00e9e g\u00e9n\u00e9rale des Nations unies. Chaque ann\u00e9e, le Haut Commissariat des Nations Unies pour les R\u00e9fugi\u00e9s (HCR) choisit un th\u00e8me commun pour coordonner les \u00e9v\u00e9nements de c\u00e9l\u00e9bration dans le monde entier. Mosaico coordonne et g\u00e8re cet \u00e9v\u00e9nement.  <\/p>\n<p>Le th\u00e8me de cette ann\u00e9e sera abord\u00e9 par des experts et des protagonistes de la sc\u00e8ne nationale et internationale, qui discuteront des principales questions d&rsquo;actualit\u00e9, en s&rsquo;attardant en particulier sur les contextes et les sc\u00e9narios que la pand\u00e9mie mondiale profile dans le pr\u00e9sent et le futur proche, en offrant un aper\u00e7u des perspectives du Pacte mondial pour les r\u00e9fugi\u00e9s, des politiques europ\u00e9ennes d&rsquo;asile et d&rsquo;int\u00e9gration, et des initiatives promues par la soci\u00e9t\u00e9 civile et par les r\u00e9fugi\u00e9s eux-m\u00eames.<br \/>\nCette ann\u00e9e encore, la Journ\u00e9e mondiale du r\u00e9fugi\u00e9 repr\u00e9sente une <strong>occasion<\/strong> importante de<strong>rencontre et de recueil de r\u00e9flexions et de propositions<\/strong>, et continue d&rsquo;\u00eatre un point de r\u00e9f\u00e9rence pour toute la citoyennet\u00e9.<\/p>\n<p>L&rsquo;engagement commun est de cr\u00e9er des espaces de discussion sur des questions telles que la <strong>solidarit\u00e9<\/strong>, la <strong>collaboration<\/strong> et l&rsquo;<strong>int\u00e9gration<\/strong>. Les processus migratoires et l&rsquo;int\u00e9gration des r\u00e9fugi\u00e9s dans les contextes d&rsquo;accueil sont des processus complexes qui doivent faire l&rsquo;objet d&rsquo;actions coh\u00e9rentes aux niveaux europ\u00e9en, national et local.<br \/>\nDans le contexte local, les municipalit\u00e9s et les r\u00e9gions jouent le r\u00f4le d&rsquo;acteurs cl\u00e9s dans le processus d&rsquo;int\u00e9gration. Ce travail est positif lorsque les communaut\u00e9s prennent des mesures et adoptent des strat\u00e9gies efficaces pour accueillir les r\u00e9fugi\u00e9s, et lorsqu&rsquo;ils sont soutenus de mani\u00e8re ad\u00e9quate pour r\u00e9aliser leur plein potentiel dans les zones d&rsquo;accueil. L&rsquo;UE joue un r\u00f4le cl\u00e9 dans l&rsquo;\u00e9laboration de normes juridiques. Des normes et des financements qui sont essentiels au renforcement de la <strong>coh\u00e9sion<\/strong> sociale.    <\/p>\n<p>\u00c0 l&rsquo;heure de la propagation pand\u00e9mique du virus <strong>Covid-19<\/strong>, toutes ces questions rev\u00eatent, si possible, une importance encore plus grande. En effet, ce n&rsquo;est que par la <strong>collaboration <\/strong>et un grand esprit humanitaire qu&rsquo;il sera possible de mieux g\u00e9rer les mois et les ann\u00e9es \u00e0 venir, en affectant positivement la vie des gens. La Journ\u00e9e mondiale du r\u00e9fugi\u00e9 entend mettre l&rsquo;accent sur ces questions, en soulignant les probl\u00e8mes et les solutions possibles, en cr\u00e9ant un r\u00e9cit coh\u00e9rent afin de mieux comprendre les mouvements migratoires actuels et l&rsquo;\u00e9tat de l&rsquo;art en mati\u00e8re d&rsquo;accueil des r\u00e9fugi\u00e9s.  <\/p>\n<p><em><u>Programme :<\/u><\/em><em> <strong>\u00ab\u00a0<\/strong><\/em><strong>Au-del\u00e0 de l&rsquo;urgence &#8211; Au-del\u00e0 de l&rsquo;urgence. Outils et opportunit\u00e9s pour la protection et l&rsquo;inclusion des r\u00e9fugi\u00e9s\u00a0\u00bb. <\/strong><\/p>\n<p><strong><em><u>Lundi 15 juin 2020<\/u><\/em><\/strong><u><br \/>\n<\/u><em>De 18 heures \u00e0 19 heures.<\/em><\/p>\n<p><strong>Un pas avec les r\u00e9fugi\u00e9s<\/strong><\/p>\n<p><em>Une fen\u00eatre ouverte sur les r\u00e9alit\u00e9s qui travaillent au plus pr\u00e8s des territoires, d\u00e9veloppant des projets pour et avec les r\u00e9fugi\u00e9s.<\/em><\/p>\n<p><u>Invit\u00e9s<\/u>: Ilaria Caramia (Compagnia di San Paolo), Giovanna Castagna (Open Society Foundations), Virginia Antonini (Reale Group), Ruth Kiyindou (Mosaico &#8211; Azioni per i rifugiati).<\/p>\n<p>Mod\u00e9rateur : Federica Vairo (Mosaico &#8211; Azioni i Rifugiati)<\/p>\n<p>&nbsp;<\/p>\n<p><strong><em><u>Jeudi 18 juin 2020<\/u><\/em><\/strong><u><br \/>\n<\/u><em>De 18 heures \u00e0 19 heures.<\/em><\/p>\n<p><strong>Au-del\u00e0 de Covid-19<\/strong><\/p>\n<p><em>Les institutions et les r\u00e9fugi\u00e9s pour la protection des segments les plus fragiles de la population. Quelles sont les actions en cours ? Quelles sont les perspectives d&rsquo;avenir ?    <\/em><\/p>\n<p><u>Invit\u00e9s<\/u>: Ana de Vega (Senior Protection Officer UNHCR), Catherine Woolhard (ECRE), Lorenzo Trucco (ASGI), Berthin Nzonza (Mosaico &#8211; Azioni per i rifugiati).<\/p>\n<p>Mod\u00e9rateur : Michele Manocchi (Centre de recherche sur les migrations et les relations ethniques de l&rsquo;Universit\u00e9 Western \u00e0 London, Ontario &#8211; Canada)<\/p>\n<p>&nbsp;<\/p>\n<p><strong><em><u>Mardi 23 juin 2020<\/u><\/em><\/strong><\/p>\n<p><em>De 18 heures \u00e0 19 heures<\/em><\/p>\n<p><strong>R\u00e9seaux internationaux avec les r\u00e9fugi\u00e9s<\/strong><\/p>\n<p><em>Un aper\u00e7u des politiques europ\u00e9ennes et une discussion ouverte sur les meilleures pratiques visant \u00e0 renforcer la protection, l&rsquo;int\u00e9gration et la participation active des r\u00e9fugi\u00e9s.<\/em><\/p>\n<p><u>Avec<\/u>: UNHCR Bruxelles, Yonous Muhammadi (Directeur du GFR, Membre du Panel Consultatif de la Plateforme des Droits Fondamentaux \u00e0 FRA), Najib Obaid Babakerkhail (Fondateur et Directeur France Refugee Council), Yagoub Kibeida (Mosaico &#8211; Azioni per i rifugiati).<\/p>\n<p>Mod\u00e9r\u00e9 par Ferruccio Pastore (FIERI)<\/p>\n","protected":false},"excerpt":{"rendered":"<p>COMMUNIQU\u00c9 DE PRESSE JOURN\u00c9E MONDIALE DES R\u00c9FUGI\u00c9S 2020 &nbsp; &nbsp; &nbsp; Au-del\u00e0 de l&rsquo;urgence Outils et opportunit\u00e9s pour la protection et l&rsquo;inclusion des r\u00e9fugi\u00e9s &nbsp; \u00c0 l&rsquo;occasion des c\u00e9l\u00e9brations de la Journ\u00e9e mondiale des r\u00e9fugi\u00e9s 2020, Mosaico &#8211; Azioni i Rifugiati, en collaboration avec le Haut-Commissariat des Nations unies pour les r\u00e9fugi\u00e9s (HCR) et le [&hellip;]<\/p>\n","protected":false},"author":2,"featured_media":1703,"comment_status":"open","ping_status":"closed","sticky":false,"template":"","format":"standard","meta":{"footnotes":""},"categories":[71],"tags":[72,103,104],"class_list":["post-1792","post","type-post","status-publish","format-standard","has-post-thumbnail","hentry","category-eventi-fr","tag-eventi-fr","tag-giornata_mondiale_rifugiato-fr","tag-gmr20-fr"],"_links":{"self":[{"href":"https:\/\/mosaicorefugees.org\/fr\/wp-json\/wp\/v2\/posts\/1792","targetHints":{"allow":["GET"]}}],"collection":[{"href":"https:\/\/mosaicorefugees.org\/fr\/wp-json\/wp\/v2\/posts"}],"about":[{"href":"https:\/\/mosaicorefugees.org\/fr\/wp-json\/wp\/v2\/types\/post"}],"author":[{"embeddable":true,"href":"https:\/\/mosaicorefugees.org\/fr\/wp-json\/wp\/v2\/users\/2"}],"replies":[{"embeddable":true,"href":"https:\/\/mosaicorefugees.org\/fr\/wp-json\/wp\/v2\/comments?post=1792"}],"version-history":[{"count":2,"href":"https:\/\/mosaicorefugees.org\/fr\/wp-json\/wp\/v2\/posts\/1792\/revisions"}],"predecessor-version":[{"id":4466,"href":"https:\/\/mosaicorefugees.org\/fr\/wp-json\/wp\/v2\/posts\/1792\/revisions\/4466"}],"wp:featuredmedia":[{"embeddable":true,"href":"https:\/\/mosaicorefugees.org\/fr\/wp-json\/wp\/v2\/media\/1703"}],"wp:attachment":[{"href":"https:\/\/mosaicorefugees.org\/fr\/wp-json\/wp\/v2\/media?parent=1792"}],"wp:term":[{"taxonomy":"category","embeddable":true,"href":"https:\/\/mosaicorefugees.org\/fr\/wp-json\/wp\/v2\/categories?post=1792"},{"taxonomy":"post_tag","embeddable":true,"href":"https:\/\/mosaicorefugees.org\/fr\/wp-json\/wp\/v2\/tags?post=1792"}],"curies":[{"name":"wp","href":"https:\/\/api.w.org\/{rel}","templated":true}]}}