{"id":4057,"date":"2025-05-05T11:42:28","date_gmt":"2025-05-05T09:42:28","guid":{"rendered":"https:\/\/mosaicorefugees.org\/appel-a-la-selection-pour-le-projet-creare-futuro\/"},"modified":"2025-11-14T15:10:26","modified_gmt":"2025-11-14T14:10:26","slug":"appel-a-la-selection-pour-le-projet-creare-futuro","status":"publish","type":"post","link":"https:\/\/mosaicorefugees.org\/fr\/appel-a-la-selection-pour-le-projet-creare-futuro\/","title":{"rendered":"Appel \u00e0 la s\u00e9lection pour le projet Creare Futuro"},"content":{"rendered":"\n<h1 class=\"wp-block-heading\"><b>Cr\u00e9er l&rsquo;avenir &#8211; Soutenir le projet des \u00e9tudiants r\u00e9fugi\u00e9s<\/b><\/h1>\n\n<p><i><span style=\"font-weight: 400;\">Financ\u00e9 par la Fondation Reale Mutua &#8211; promu par l&rsquo;Association Mosaic-Actions pour les R\u00e9fugi\u00e9s<\/span><\/i><\/p>\n\n<p>\u00a0<\/p>\n\n<h2 class=\"wp-block-heading\"><b>Contexte et objectif<\/b><\/h2>\n\n<p><span style=\"font-weight: 400;\">Le projet <\/span><i><span style=\"font-weight: 400;\">Cr\u00e9er l&rsquo;avenir &#8211; Soutenir les \u00e9l\u00e8ves r\u00e9fugi\u00e9s<\/span><\/i><span style=\"font-weight: 400;\">  a \u00e9t\u00e9 cr\u00e9\u00e9 en r\u00e9ponse \u00e0 l&rsquo;aggravation des fragilit\u00e9s \u00e9conomiques et sociales qui affectent particuli\u00e8rement les \u00e9tudiants r\u00e9fugi\u00e9s3 et entravent leur acc\u00e8s \u00e0 l&rsquo;enseignement sup\u00e9rieur et \u00e0 l&#8217;emploi qualifi\u00e9. Dans un contexte o\u00f9 les in\u00e9galit\u00e9s \u00e9ducatives se creusent, le projet vise \u00e0 contrer le risque d&rsquo;exclusion sociale et acad\u00e9mique en offrant des outils concrets pour compl\u00e9ter le cursus universitaire et faciliter l&rsquo;entr\u00e9e sur le march\u00e9 du travail. <\/span><\/p>\n\n<p><span style=\"font-weight: 400;\">L&rsquo;objectif global est de promouvoir l&rsquo;inclusion socio-\u00e9ducative et professionnelle des \u00e9tudiants r\u00e9fugi\u00e9s3 inscrits dans les universit\u00e9s du Pi\u00e9mont et de Turin, en renfor\u00e7ant leurs comp\u00e9tences et en favorisant un accompagnement personnalis\u00e9 pour r\u00e9pondre aux besoins r\u00e9els des \u00e9tudiants. Le projet est mis en \u0153uvre avec le soutien de   <\/span><b>Fondation Reale Mutua<\/b><span style=\"font-weight: 400;\">en coop\u00e9ration avec les autorit\u00e9s locales.<\/span><\/p>\n\n<h2 class=\"wp-block-heading\"><b>\u00c0 qui s&rsquo;adresse le pr\u00e9sent document ?<\/b><\/h2>\n\n<p><span style=\"font-weight: 400;\">Cet appel s&rsquo;adresse \u00e0 <\/span><b>quatre \u00e9tudiants r\u00e9fugi\u00e9s<\/b><span style=\"font-weight: 400;\">qui souhaitent participer \u00e0 un cours d&rsquo;orientation, d&rsquo;accompagnement et de formation visant \u00e0 compl\u00e9ter leurs \u00e9tudes universitaires et \u00e0 entrer dans le monde de l&#8217;emploi qualifi\u00e9.<\/span><\/p>\n\n<h3 class=\"wp-block-heading\"><b>Conditions d&rsquo;admission :<\/b><\/h3>\n\n<ul class=\"wp-block-list\">\n<li><span style=\"font-weight: 400;\">Les titulaires d&rsquo;une protection internationale en Italie ou dans un autre pays de l&rsquo;UE ;<\/span> <\/li>\n\n\n\n<li><span style=\"font-weight: 400;\">Inscription en derni\u00e8re ann\u00e9e de licence ou de master en Italie ;<\/span> <\/li>\n\n\n\n<li><span style=\"font-weight: 400;\">Remise des dipl\u00f4mes pr\u00e9vue pour mars-avril 2026 ;<\/span> <\/li>\n\n\n\n<li><span style=\"font-weight: 400;\">Au moins une connaissance de base de la langue italienne (niveau B1 ou sup\u00e9rieur) ;<\/span> <\/li>\n\n\n\n<li><span style=\"font-weight: 400;\">Motivation pour s&rsquo;engager sur la voie du d\u00e9veloppement personnel, acad\u00e9mique et professionnel.<\/span> <\/li>\n<\/ul>\n\n<h2 class=\"wp-block-heading\"><b>Ce que le projet offre<\/b><\/h2>\n\n<p><span style=\"font-weight: 400;\">Les candidats s\u00e9lectionn\u00e9s auront acc\u00e8s \u00e0 un parcours d&rsquo;accompagnement complet jusqu&rsquo;\u00e0 la fin de leurs \u00e9tudes et l&rsquo;entr\u00e9e dans le monde du travail, qui comprendra<\/span><\/p>\n\n<ol class=\"wp-block-list\">\n<li><b>Orientation individualis\u00e9e<\/b>\n<ul class=\"wp-block-list\">\n<li><span style=\"font-weight: 400;\">D\u00e9finition du projet personnalis\u00e9 de formation et d&rsquo;insertion professionnelle ;<\/span><\/li>\n\n\n\n<li><span style=\"font-weight: 400;\"><span style=\"font-weight: 400;\">Soutien de l&rsquo;\u00e9quipe Mosaico, avec des r\u00e9unions de suivi r\u00e9guli\u00e8res.<\/span><\/span><br\/><p> <\/p><br\/><\/li>\n<\/ul>\n<\/li>\n\n\n\n<li><b>Soutien \u00e9conomique<\/b>\n<ul class=\"wp-block-list\">\n<li><span style=\"font-weight: 400;\"><span style=\"font-weight: 400;\">Remboursement des frais de participation au cours.<\/span><\/span><br\/><p> <\/p><br\/><\/li>\n<\/ul>\n<\/li>\n\n\n\n<li><b><b>Parcours de formation en vue d&rsquo;un placement professionnel<\/b><\/b><p> <\/p>\n<ul class=\"wp-block-list\">\n<li><span style=\"font-weight: 400;\">Apr\u00e8s l&rsquo;obtention du dipl\u00f4me : l&rsquo;orientation vers le travail\u00a0\u00bb, un cours de cinq r\u00e9unions impliquant :<\/span>\n<ul class=\"wp-block-list\">\n<li><span style=\"font-weight: 400;\">Profilage individuel ;<\/span><\/li>\n\n\n\n<li><span style=\"font-weight: 400;\">Analyse du march\u00e9 du travail italien ;<\/span><\/li>\n\n\n\n<li><span style=\"font-weight: 400;\">Recherche active d&#8217;emploi et contrats ;<\/span><\/li>\n\n\n\n<li><span style=\"font-weight: 400;\">Aptitudes et comp\u00e9tences non techniques requises par les entreprises ;<\/span><\/li>\n\n\n\n<li><span style=\"font-weight: 400;\">Italien pour le travail (langue et s\u00e9curit\u00e9) ;<\/span><\/li>\n\n\n\n<li><span style=\"font-weight: 400;\">Rencontre avec des entreprises, dont Reale Mutua.<\/span><\/li>\n<\/ul>\n<\/li>\n\n\n\n<li><span style=\"font-weight: 400;\"><span style=\"font-weight: 400;\">Cours d&rsquo;italien intensif pour le monde du travail.<\/span><\/span><br\/><p> <\/p><br\/><\/li>\n<\/ul>\n<\/li>\n\n\n\n<li><b><b>Soutien au r\u00e9seau<\/b><\/b><p> <\/p>\n<ul class=\"wp-block-list\">\n<li><span style=\"font-weight: 400;\">Liaison avec les entreprises, les universit\u00e9s et d&rsquo;autres acteurs de la r\u00e9gion ;<\/span><\/li>\n\n\n\n<li><span style=\"font-weight: 400;\">Int\u00e9gration dans le r\u00e9seau Mosaico des \u00e9tudiants r\u00e9fugi\u00e9s.<\/span><\/li>\n<\/ul>\n<\/li>\n<\/ol>\n\n<h2 class=\"wp-block-heading\"><b>Proc\u00e9dure de candidature<\/b><\/h2>\n\n<p><span style=\"font-weight: 400;\">Pour postuler, vous devez envoyer votre candidature avant le <\/span><b>31 mai 2025<\/b><span style=\"font-weight: 400;\"> les documents suivants au format PDF \u00e0 <\/span><b>studenti@mosaicorefugees.org<\/b><\/p>\n\n<ul class=\"wp-block-list\">\n<li><b>Curriculum vitae actualis\u00e9<\/b><span style=\"font-weight: 400;\">;<\/span><\/li>\n\n\n\n<li><b>Lettre de motivation<\/b><span style=\"font-weight: 400;\"> (maximum 1 page), en pr\u00e9cisant :<\/span>\n<ul class=\"wp-block-list\">\n<li><span style=\"font-weight: 400;\">Cours acad\u00e9mique actuel ;<\/span><\/li>\n\n\n\n<li><span style=\"font-weight: 400;\">Langue du programme d&rsquo;\u00e9tudes ;<\/span><\/li>\n\n\n\n<li><span style=\"font-weight: 400;\">Raisons pour lesquelles vous souhaitez participer au projet.<\/span> <\/li>\n<\/ul>\n<\/li>\n<\/ul>\n\n<h2 class=\"wp-block-heading\"><b>Modes de s\u00e9lection<\/b><\/h2>\n\n<p><span style=\"font-weight: 400;\">La s\u00e9lection se d\u00e9roulera en trois \u00e9tapes :<\/span><\/p>\n\n<ul class=\"wp-block-list\">\n<li><span style=\"font-weight: 400;\">\u00c9valuation des documents soumis : CV et lettre de motivation ;<\/span><\/li>\n\n\n\n<li><span style=\"font-weight: 400;\">Entretien individuel de motivation (juin 2025) ;<\/span><\/li>\n\n\n\n<li><span style=\"font-weight: 400;\">Communication des r\u00e9sultats : d&rsquo;ici juillet 2025.<\/span> <\/li>\n<\/ul>\n\n<h2 class=\"wp-block-heading\"><b>Espaces d&rsquo;information et soutien aux candidatures<\/b><\/h2>\n\n<p><span style=\"font-weight: 400;\">A <\/span><b>Espace \u00e9tudiant <\/b><span style=\"font-weight: 400;\">g\u00e9r\u00e9 par l&rsquo;association Mosaic, o\u00f9 il est possible de recevoir des informations et une aide \u00e0 la candidature, ainsi que des conseils sur les parcours universitaires et professionnels.<\/span><\/p>\n\n<ul class=\"wp-block-list\">\n<li><span style=\"font-weight: 400;\">Via San Pio V, 17B &#8211; Turin, le mercredi, de 9 h \u00e0 12 h.<\/span><\/li>\n\n\n\n<li><span style=\"font-weight: 400;\">Spazio Comune, Via Bologna 49 &#8211; Turin, vendredi, 14h00 &#8211; 16h00<\/span><\/li>\n<\/ul>\n\n<p><span style=\"font-weight: 400;\">Si vous avez des doutes ou si vous avez besoin d&rsquo;aide pour remplir le formulaire, \u00e9crivez \u00e0 l&rsquo;adresse suivante<\/span><span style=\"font-weight: 400;\"><br\/><\/span><span style=\"font-weight: 400;\">studenti@mosaicorefugees.org<\/span><span style=\"font-weight: 400;\"><br\/><\/span><span style=\"font-weight: 400;\">mediazione@mosaicorefugees.org<\/span><\/p>\n\n<p>\u00a0<\/p>\n","protected":false},"excerpt":{"rendered":"<p>Cr\u00e9er l&rsquo;avenir &#8211; Soutenir le projet des \u00e9tudiants r\u00e9fugi\u00e9s Financ\u00e9 par la Fondation Reale Mutua &#8211; promu par l&rsquo;Association Mosaic-Actions pour les R\u00e9fugi\u00e9s \u00a0 Contexte et objectif Le projet Cr\u00e9er l&rsquo;avenir &#8211; Soutenir les \u00e9l\u00e8ves r\u00e9fugi\u00e9s a \u00e9t\u00e9 cr\u00e9\u00e9 en r\u00e9ponse \u00e0 l&rsquo;aggravation des fragilit\u00e9s \u00e9conomiques et sociales qui affectent particuli\u00e8rement les \u00e9tudiants r\u00e9fugi\u00e9s3 et [&hellip;]<\/p>\n","protected":false},"author":1,"featured_media":2819,"comment_status":"closed","ping_status":"closed","sticky":false,"template":"","format":"standard","meta":{"footnotes":""},"categories":[5],"tags":[],"class_list":["post-4057","post","type-post","status-publish","format-standard","has-post-thumbnail","hentry","category-non-classifiee"],"_links":{"self":[{"href":"https:\/\/mosaicorefugees.org\/fr\/wp-json\/wp\/v2\/posts\/4057","targetHints":{"allow":["GET"]}}],"collection":[{"href":"https:\/\/mosaicorefugees.org\/fr\/wp-json\/wp\/v2\/posts"}],"about":[{"href":"https:\/\/mosaicorefugees.org\/fr\/wp-json\/wp\/v2\/types\/post"}],"author":[{"embeddable":true,"href":"https:\/\/mosaicorefugees.org\/fr\/wp-json\/wp\/v2\/users\/1"}],"replies":[{"embeddable":true,"href":"https:\/\/mosaicorefugees.org\/fr\/wp-json\/wp\/v2\/comments?post=4057"}],"version-history":[{"count":3,"href":"https:\/\/mosaicorefugees.org\/fr\/wp-json\/wp\/v2\/posts\/4057\/revisions"}],"predecessor-version":[{"id":4431,"href":"https:\/\/mosaicorefugees.org\/fr\/wp-json\/wp\/v2\/posts\/4057\/revisions\/4431"}],"wp:featuredmedia":[{"embeddable":true,"href":"https:\/\/mosaicorefugees.org\/fr\/wp-json\/wp\/v2\/media\/2819"}],"wp:attachment":[{"href":"https:\/\/mosaicorefugees.org\/fr\/wp-json\/wp\/v2\/media?parent=4057"}],"wp:term":[{"taxonomy":"category","embeddable":true,"href":"https:\/\/mosaicorefugees.org\/fr\/wp-json\/wp\/v2\/categories?post=4057"},{"taxonomy":"post_tag","embeddable":true,"href":"https:\/\/mosaicorefugees.org\/fr\/wp-json\/wp\/v2\/tags?post=4057"}],"curies":[{"name":"wp","href":"https:\/\/api.w.org\/{rel}","templated":true}]}}