{"id":4065,"date":"2025-04-15T11:05:38","date_gmt":"2025-04-15T09:05:38","guid":{"rendered":"https:\/\/mosaicorefugees.org\/appel-a-la-selection-dune-agence-de-communication\/"},"modified":"2025-11-14T15:10:14","modified_gmt":"2025-11-14T14:10:14","slug":"appel-a-la-selection-dune-agence-de-communication","status":"publish","type":"post","link":"https:\/\/mosaicorefugees.org\/fr\/appel-a-la-selection-dune-agence-de-communication\/","title":{"rendered":"Appel \u00e0 la s\u00e9lection d&rsquo;une agence de communication"},"content":{"rendered":"\n<p><b>APPEL A LA SELECTION D&rsquo;UNE AGENCE DE COMMUNICATION<\/b><b><br\/><\/b><b>Mosa\u00efque-Actions pour les r\u00e9fugi\u00e9s<\/b><\/p>\n\n<ol class=\"wp-block-list\">\n<li><b>  A propos de nous<\/b><b><br\/><\/b><span style=\"font-weight: 400;\">L&rsquo;association MOSAICO &#8211; Actions pour les r\u00e9fugi\u00e9s est une association de promotion sociale apolitique et non partisane, fond\u00e9e \u00e0 Turin en 2006 \u00e0 l&rsquo;initiative d&rsquo;un groupe de r\u00e9fugi\u00e9s de diff\u00e9rents pays. \u00c0 ce jour, elle compte des r\u00e9fugi\u00e9s, des migrants et des Italiens, de personnes qui, \u00e0 divers titres et avec diff\u00e9rentes comp\u00e9tences humaines et professionnelles, travaillent dans ce secteur ou s&rsquo;y int\u00e9ressent.<\/span><\/li>\n<\/ol>\n\n<p><span style=\"font-weight: 400;\">L&rsquo;association, inspir\u00e9e par les principes de la solidarit\u00e9 sociale, s&rsquo;engage \u00e0 atteindre ces objectifs :<\/span><\/p>\n\n<ul class=\"wp-block-list\">\n<li><span style=\"font-weight: 400;\">Soutenir les r\u00e9fugi\u00e9s sur la voie de l&rsquo;int\u00e9gration dans la soci\u00e9t\u00e9 locale, en coop\u00e9ration avec d&rsquo;autres organisations de la r\u00e9gion travaillant dans ce domaine ;<\/span><\/li>\n\n\n\n<li><span style=\"font-weight: 400;\">Promotion des droits des r\u00e9fugi\u00e9s par le biais d&rsquo;un espace d&rsquo;information qui soutient les actions d\u00e9j\u00e0 entreprises par les institutions et repr\u00e9sente un point de r\u00e9f\u00e9rence suppl\u00e9mentaire dans ce domaine ;<\/span><\/li>\n\n\n\n<li><span style=\"font-weight: 400;\">Diffusion de connaissances et d&rsquo;informations actualis\u00e9es sur le th\u00e8me de la migration forc\u00e9e, par le biais de r\u00e9unions, d&rsquo;actions de sensibilisation et d&rsquo;analyses approfondies de la citoyennet\u00e9 mondiale, \u00e9galement en coop\u00e9ration avec d&rsquo;autres organisations et institutions comp\u00e9tentes dans ce domaine ;<\/span><\/li>\n\n\n\n<li><span style=\"font-weight: 400;\">Promotion et organisation annuelle de la Journ\u00e9e mondiale du r\u00e9fugi\u00e9, le 20 juin, afin qu&rsquo;elle devienne un point central de discussion et de d\u00e9bat sur la question de l&rsquo;asile \u00e0 Turin.<\/span><\/li>\n<\/ul>\n\n<p><span style=\"font-weight: 400;\">Site web : <\/span><a href=\"https:\/\/mosaicorefugees.org\/fr\/\"><span style=\"font-weight: 400;\">https:\/\/mosaicorefugees.org\/<\/span><\/a><span style=\"font-weight: 400;\"> <\/span><\/p>\n\n<ol start=\"2\" class=\"wp-block-list\">\n<li> <b> Objectif de l&rsquo;appel<\/b><b><br\/><\/b><span style=\"font-weight: 400;\">Mosa\u00efque-Actions pour les R\u00e9fugi\u00e9s recherche une agence de communication pour soutenir l&rsquo;association dans le d\u00e9veloppement et la mise en \u0153uvre de sa strat\u00e9gie de communication institutionnelle et de projet, en mettant l&rsquo;accent sur la promotion de nos activit\u00e9s et l&rsquo;implication de la communaut\u00e9.<\/span><\/li>\n<\/ol>\n\n<p><span style=\"font-weight: 400;\">L&rsquo;agence s\u00e9lectionn\u00e9e sera charg\u00e9e d&rsquo;\u00e9laborer et de mettre en \u0153uvre une strat\u00e9gie de communication int\u00e9gr\u00e9e pour l&rsquo;association et ses projets, en veillant \u00e0 la coh\u00e9rence et \u00e0 la visibilit\u00e9 sur tous les canaux. Les activit\u00e9s requises sont les suivantes <\/span><\/p>\n\n<ul class=\"wp-block-list\">\n<li><b>D\u00e9finition et mise en \u0153uvre d&rsquo;une strat\u00e9gie de communication<\/b><span style=\"font-weight: 400;\"> pour promouvoir l&rsquo;association et ses projets, en privil\u00e9giant un contenu cibl\u00e9 et coh\u00e9rent avec les objectifs de chaque projet.<\/span><\/li>\n\n\n\n<li><b>Cr\u00e9ation de contenu multicanal<\/b><span style=\"font-weight: 400;\">adapt\u00e9 \u00e0 diff\u00e9rents outils de communication (site web, m\u00e9dias sociaux, lettres d&rsquo;information, mat\u00e9riel promotionnel, vid\u00e9os), en mettant l&rsquo;accent sur la promotion de projets actifs.<\/span><\/li>\n\n\n\n<li><b>Soutien op\u00e9rationnel dans la gestion des canaux sociaux de l&rsquo;association<\/b><span style=\"font-weight: 400;\"> de l&rsquo;association, y compris la publication de contenu, l&rsquo;interaction avec la communaut\u00e9 et l&rsquo;analyse des performances.<\/span><\/li>\n\n\n\n<li><b>Production de mat\u00e9riel graphique<\/b><span style=\"font-weight: 400;\"> pour les activit\u00e9s de l&rsquo;association et ses projets (par exemple, affiches, d\u00e9pliants, infographies), garantissant une identit\u00e9 visuelle coordonn\u00e9e.<\/span><\/li>\n\n\n\n<li><b>Refonte graphique du site internet de Mosaico<\/b><span style=\"font-weight: 400;\">avec un design actualis\u00e9, fonctionnel et en phase avec l&rsquo;identit\u00e9 de l&rsquo;association.<\/span><\/li>\n<\/ul>\n\n<p><span style=\"font-weight: 400;\">Plus pr\u00e9cis\u00e9ment, les activit\u00e9s de communication seront d\u00e9velopp\u00e9es de mani\u00e8re g\u00e9n\u00e9rale et en r\u00e9f\u00e9rence \u00e0 des projets individuels, avec un budget d\u00e9di\u00e9 pour chaque projet. \u00c0 cette fin, une offre est demand\u00e9e, d\u00e9taillant les co\u00fbts des activit\u00e9s individuelles comme suit : <\/span><\/p>\n\n<ul class=\"wp-block-list\">\n<li><span style=\"font-weight: 400;\">R\u00e9daction d&rsquo;un communiqu\u00e9 de presse<\/span><\/li>\n\n\n\n<li><span style=\"font-weight: 400;\">Post-production unique pour les m\u00e9dias sociaux (Facebook, Instagram, etc.), tant pour la partie visuelle que pour la partie r\u00e9dactionnelle et sa publication.<\/span><\/li>\n\n\n\n<li><span style=\"font-weight: 400;\">Post-production d&rsquo;une seule vid\u00e9o pour le social et sa publication<\/span><\/li>\n\n\n\n<li><span style=\"font-weight: 400;\">Production de contenu (actualit\u00e9s) pour le site web et sa publication<\/span><\/li>\n\n\n\n<li><span style=\"font-weight: 400;\">Maintenance du site web et cr\u00e9ation de nouvelles pages (co\u00fbt annuel et co\u00fbt par page)<\/span><\/li>\n\n\n\n<li><span style=\"font-weight: 400;\">Suivi et mod\u00e9ration des canaux sociaux (co\u00fbt annuel)<\/span><\/li>\n\n\n\n<li><span style=\"font-weight: 400;\">Analyse quadrimestrielle des rapports des canaux sociaux et du site web (contenu, audience, flux, sentiment, etc.) et indications strat\u00e9giques sur leur utilisation (co\u00fbt annuel)<\/span><\/li>\n\n\n\n<li><span style=\"font-weight: 400;\">D\u00e9veloppement de concepts graphiques pour l&rsquo;uniformit\u00e9 visuelle de la communication de Mosaico, y compris le restyling graphique du site web.<\/span><\/li>\n\n\n\n<li><span style=\"font-weight: 400;\">D\u00e9veloppement d&rsquo;un site web sur une plateforme WordPress reprenant le concept graphique g\u00e9n\u00e9ral (Accueil + 6 sections de 5 pages chacune)<\/span><\/li>\n\n\n\n<li><span style=\"font-weight: 400;\">Mise en place d&rsquo;une newsletter sur une plateforme web (voxmail, mailchimp ou similaire)<\/span><\/li>\n\n\n\n<li><span style=\"font-weight: 400;\">Cr\u00e9ation d&rsquo;une lettre d&rsquo;information d&rsquo;environ 6 articles (co\u00fbt par envoi)<\/span><\/li>\n\n\n\n<li><span style=\"font-weight: 400;\">Graphisme des d\u00e9pliants (\u00e0 l&rsquo;exclusion des frais d&rsquo;impression)<\/span><\/li>\n\n\n\n<li><span style=\"font-weight: 400;\">Conception graphique de l&rsquo;affiche (\u00e0 l&rsquo;exclusion des frais d&rsquo;impression)<\/span><\/li>\n\n\n\n<li><span style=\"font-weight: 400;\">Conception graphique des cartes postales (\u00e0 l&rsquo;exclusion des frais d&rsquo;impression)<\/span><\/li>\n\n\n\n<li><span style=\"font-weight: 400;\">Production de tout autre mat\u00e9riel imprim\u00e9 (suggestions et propositions) (\u00e0 l&rsquo;exclusion des frais d&rsquo;impression)<\/span><\/li>\n\n\n\n<li><span style=\"font-weight: 400;\">R\u00e9alisation d&rsquo;un reportage vid\u00e9o de 3 minutes sur un \u00e9v\u00e9nement (tournage, interviews et montage)<\/span><\/li>\n<\/ul>\n\n<ol start=\"3\" class=\"wp-block-list\">\n<li><b>  Dur\u00e9e et calendrier<\/b><b><br\/><\/b><span style=\"font-weight: 400;\">Le contrat durera 12 mois, avec possibilit\u00e9 de renouvellement. Les activit\u00e9s doivent d\u00e9buter en mai 2025 et suivre un plan convenu avec l&rsquo;association. <\/span><\/li>\n\n\n\n<li> <b> Exigences<\/b><b><br\/><\/b><span style=\"font-weight: 400;\">L&rsquo;agence candidate devra d\u00e9montrer<\/span><\/li>\n<\/ol>\n\n<ul class=\"wp-block-list\">\n<li><span style=\"font-weight: 400;\">Exp\u00e9rience confirm\u00e9e en mati\u00e8re de communication pour le secteur tertiaire.<\/span><\/li>\n\n\n\n<li><span style=\"font-weight: 400;\">Comp\u00e9tences en mati\u00e8re d&rsquo;\u00e9laboration et de mise en \u0153uvre de strat\u00e9gies de communication multicanaux.<\/span><\/li>\n\n\n\n<li><span style=\"font-weight: 400;\">Capacit\u00e9 \u00e0 g\u00e9rer de mani\u00e8re autonome les canaux sociaux et les plateformes num\u00e9riques.<\/span><\/li>\n\n\n\n<li><span style=\"font-weight: 400;\">Cr\u00e9ativit\u00e9 et souci de coh\u00e9rence avec les valeurs et la mission de l&rsquo;association.<\/span><\/li>\n<\/ul>\n\n<ol start=\"5\" class=\"wp-block-list\">\n<li><b>  Modalit\u00e9s de participation<\/b><b><br\/><\/b><span style=\"font-weight: 400;\">Les agences int\u00e9ress\u00e9es sont invit\u00e9es \u00e0 envoyer leur candidature avant le 27 avril 2025 \u00e0 mosaico@mosaicorefugees.org. Le dossier de candidature doit comprendre <\/span><\/li>\n<\/ol>\n\n<ul class=\"wp-block-list\">\n<li><span style=\"font-weight: 400;\">Pr\u00e9sentation de l&rsquo;agence et de l&rsquo;\u00e9quipe.<\/span><\/li>\n\n\n\n<li><span style=\"font-weight: 400;\">Portefeuille des projets les plus pertinents.<\/span><\/li>\n\n\n\n<li><span style=\"font-weight: 400;\">Devis des services demand\u00e9s au point 2.<\/span><\/li>\n<\/ul>\n\n<ol start=\"6\" class=\"wp-block-list\">\n<li> <b> Contact et informations<\/b><b><br\/><\/b><span style=\"font-weight: 400;\">Pour plus de d\u00e9tails ou de pr\u00e9cisions, vous pouvez nous contacter \u00e0 l&rsquo;adresse suivante <\/span><a href=\"mailto:mosaico@mosaicorefugees.org\"><span style=\"font-weight: 400;\">mosaico@mosaicorefugees.org<\/span><\/a><span style=\"font-weight: 400;\">.<\/span><\/li>\n<\/ol>\n\n<p>\u00a0<\/p>\n","protected":false},"excerpt":{"rendered":"<p>APPEL A LA SELECTION D&rsquo;UNE AGENCE DE COMMUNICATIONMosa\u00efque-Actions pour les r\u00e9fugi\u00e9s L&rsquo;association, inspir\u00e9e par les principes de la solidarit\u00e9 sociale, s&rsquo;engage \u00e0 atteindre ces objectifs : Site web : https:\/\/mosaicorefugees.org\/ L&rsquo;agence s\u00e9lectionn\u00e9e sera charg\u00e9e d&rsquo;\u00e9laborer et de mettre en \u0153uvre une strat\u00e9gie de communication int\u00e9gr\u00e9e pour l&rsquo;association et ses projets, en veillant \u00e0 la coh\u00e9rence [&hellip;]<\/p>\n","protected":false},"author":1,"featured_media":2773,"comment_status":"closed","ping_status":"closed","sticky":false,"template":"","format":"standard","meta":{"footnotes":""},"categories":[5],"tags":[],"class_list":["post-4065","post","type-post","status-publish","format-standard","has-post-thumbnail","hentry","category-non-classifiee"],"_links":{"self":[{"href":"https:\/\/mosaicorefugees.org\/fr\/wp-json\/wp\/v2\/posts\/4065","targetHints":{"allow":["GET"]}}],"collection":[{"href":"https:\/\/mosaicorefugees.org\/fr\/wp-json\/wp\/v2\/posts"}],"about":[{"href":"https:\/\/mosaicorefugees.org\/fr\/wp-json\/wp\/v2\/types\/post"}],"author":[{"embeddable":true,"href":"https:\/\/mosaicorefugees.org\/fr\/wp-json\/wp\/v2\/users\/1"}],"replies":[{"embeddable":true,"href":"https:\/\/mosaicorefugees.org\/fr\/wp-json\/wp\/v2\/comments?post=4065"}],"version-history":[{"count":3,"href":"https:\/\/mosaicorefugees.org\/fr\/wp-json\/wp\/v2\/posts\/4065\/revisions"}],"predecessor-version":[{"id":4407,"href":"https:\/\/mosaicorefugees.org\/fr\/wp-json\/wp\/v2\/posts\/4065\/revisions\/4407"}],"wp:featuredmedia":[{"embeddable":true,"href":"https:\/\/mosaicorefugees.org\/fr\/wp-json\/wp\/v2\/media\/2773"}],"wp:attachment":[{"href":"https:\/\/mosaicorefugees.org\/fr\/wp-json\/wp\/v2\/media?parent=4065"}],"wp:term":[{"taxonomy":"category","embeddable":true,"href":"https:\/\/mosaicorefugees.org\/fr\/wp-json\/wp\/v2\/categories?post=4065"},{"taxonomy":"post_tag","embeddable":true,"href":"https:\/\/mosaicorefugees.org\/fr\/wp-json\/wp\/v2\/tags?post=4065"}],"curies":[{"name":"wp","href":"https:\/\/api.w.org\/{rel}","templated":true}]}}